{"id":562,"date":"2021-10-31T13:44:11","date_gmt":"2021-10-31T12:44:11","guid":{"rendered":"https:\/\/amfs.org\/?p=562"},"modified":"2021-10-31T13:45:41","modified_gmt":"2021-10-31T12:45:41","slug":"dans-le-cadre-de-ses-reunions-de-formation-medicale-continuelassociation-medicale-franco-syriennea-le-plaisir-de-vous-convier-a-la-conference","status":"publish","type":"post","link":"https:\/\/amfs.org\/?p=562","title":{"rendered":"<br>Dans le cadre de ses r\u00e9unions de formation m\u00e9dicale continue<br>L\u2019ASSOCIATION MEDICALE FRANCO-SYRIENNE<br>a le plaisir de vous convier \u00e0 la conf\u00e9rence :"},"content":{"rendered":"\n<figure class=\"wp-block-image size-full is-style-rounded\"><img loading=\"lazy\" decoding=\"async\" width=\"960\" height=\"431\" src=\"http:\/\/amfs.org\/wp-content\/uploads\/2021\/08\/capture.png\" alt=\"\" class=\"wp-image-544\" srcset=\"https:\/\/amfs.org\/wp-content\/uploads\/2021\/08\/capture.png 960w, https:\/\/amfs.org\/wp-content\/uploads\/2021\/08\/capture-300x135.png 300w, https:\/\/amfs.org\/wp-content\/uploads\/2021\/08\/capture-768x345.png 768w\" sizes=\"auto, (max-width: 767px) 89vw, (max-width: 1000px) 54vw, (max-width: 1071px) 543px, 580px\" \/><\/figure>\n\n\n\n<p class=\"has-drop-cap has-text-align-center has-luminous-vivid-orange-color has-text-color\" style=\"font-size:40px\">La Loi PACTE : Compl\u00e9ment retraite<\/p>\n\n\n\n<p style=\"font-size:24px\"><span class=\"has-inline-color has-vivid-cyan-blue-color\"><strong>anim\u00e9e par<br>Le Groupe CEC<br>Courtage Expertise et Conseil<br>repr\u00e9sent\u00e9 par<br>Mr Regis VAUVRE et Mr Hocine AKLI<\/strong><\/span><\/p>\n\n\n\n<p class=\"has-text-align-center has-large-font-size\"><span class=\"has-inline-color has-vivid-red-color\">Le Samedi 25 septembre 2021 \u00e0 20h00<br>Au Moulin de la Galette<br>16, Rue des Moulins<br>95110 Sannois<br>(Parking sur place)<\/span><\/p>\n\n\n\n<p><\/p>\n\n\n\n<p class=\"has-text-align-center\" style=\"font-size:24px\"><strong><span class=\"has-inline-color has-luminous-vivid-orange-color\">La conf\u00e9rence sera suivie d\u2019un d\u00eener et d\u2019une soir\u00e9e conviviale dansante<br>Anim\u00e9e par Mr Gabi ODEIMI<\/span><\/strong><\/p>\n\n\n\n<p><\/p>\n\n\n\n<p class=\"has-vivid-red-color has-text-color has-medium-font-size\">Toutes les pr\u00e9cautions sanitaires li\u00e9es \u00e0 la pand\u00e9mie seront prises : gel hydroalcoolique \u00e0 disposition, respect des distanciations et du port du masque. Le port du masque sera obligatoire pendant tout l\u2019\u00e9v\u00e9nement dans les espaces communs (accueil, espace restauration) <\/p>\n\n\n\n<p class=\"has-vivid-red-color has-text-color has-medium-font-size\">Merci de bien vouloir vous munir de votre &lt;&lt; Pass Sanitaire &gt;&gt;* : *Passeport vaccinal contre la Covid-19ou un r\u00e9sultat n\u00e9gatif d\u2019un test PCR ou antig\u00e9nique datant de moins de 48h.<\/p>\n","protected":false},"excerpt":{"rendered":"<p>La Loi PACTE : Compl\u00e9ment retraite anim\u00e9e parLe Groupe CECCourtage Expertise et Conseilrepr\u00e9sent\u00e9 parMr Regis VAUVRE et Mr Hocine AKLI Le Samedi 25 septembre 2021 \u00e0 20h00Au Moulin de la Galette16, Rue des Moulins95110 Sannois(Parking sur place) La conf\u00e9rence sera suivie d\u2019un d\u00eener et d\u2019une soir\u00e9e conviviale dansanteAnim\u00e9e par Mr Gabi ODEIMI Toutes les pr\u00e9cautions &hellip; <\/p>\n<p class=\"link-more\"><a href=\"https:\/\/amfs.org\/?p=562\" class=\"more-link\">Continuer la lecture<span class=\"screen-reader-text\"> de &laquo;&nbsp;<br \/>Dans le cadre de ses r\u00e9unions de formation m\u00e9dicale continue<br \/>L\u2019ASSOCIATION MEDICALE FRANCO-SYRIENNE<br \/>a le plaisir de vous convier \u00e0 la conf\u00e9rence :&nbsp;&raquo;<\/span><\/a><\/p>\n","protected":false},"author":4,"featured_media":0,"comment_status":"closed","ping_status":"closed","sticky":false,"template":"","format":"standard","meta":{"footnotes":""},"categories":[1],"tags":[],"class_list":["post-562","post","type-post","status-publish","format-standard","hentry","category-non-classe"],"_links":{"self":[{"href":"https:\/\/amfs.org\/index.php?rest_route=\/wp\/v2\/posts\/562","targetHints":{"allow":["GET"]}}],"collection":[{"href":"https:\/\/amfs.org\/index.php?rest_route=\/wp\/v2\/posts"}],"about":[{"href":"https:\/\/amfs.org\/index.php?rest_route=\/wp\/v2\/types\/post"}],"author":[{"embeddable":true,"href":"https:\/\/amfs.org\/index.php?rest_route=\/wp\/v2\/users\/4"}],"replies":[{"embeddable":true,"href":"https:\/\/amfs.org\/index.php?rest_route=%2Fwp%2Fv2%2Fcomments&post=562"}],"version-history":[{"count":1,"href":"https:\/\/amfs.org\/index.php?rest_route=\/wp\/v2\/posts\/562\/revisions"}],"predecessor-version":[{"id":563,"href":"https:\/\/amfs.org\/index.php?rest_route=\/wp\/v2\/posts\/562\/revisions\/563"}],"wp:attachment":[{"href":"https:\/\/amfs.org\/index.php?rest_route=%2Fwp%2Fv2%2Fmedia&parent=562"}],"wp:term":[{"taxonomy":"category","embeddable":true,"href":"https:\/\/amfs.org\/index.php?rest_route=%2Fwp%2Fv2%2Fcategories&post=562"},{"taxonomy":"post_tag","embeddable":true,"href":"https:\/\/amfs.org\/index.php?rest_route=%2Fwp%2Fv2%2Ftags&post=562"}],"curies":[{"name":"wp","href":"https:\/\/api.w.org\/{rel}","templated":true}]}}