{"id":589,"date":"2022-01-17T01:51:00","date_gmt":"2022-01-17T00:51:00","guid":{"rendered":"https:\/\/amfs.org\/?p=589"},"modified":"2022-01-17T01:51:29","modified_gmt":"2022-01-17T00:51:29","slug":"589","status":"publish","type":"post","link":"https:\/\/amfs.org\/?p=589","title":{"rendered":"La migraine"},"content":{"rendered":"\n<figure class=\"wp-block-image\"><img loading=\"lazy\" decoding=\"async\" width=\"520\" height=\"430\" src=\"https:\/\/amfs.org\/wp-content\/uploads\/2021\/10\/MIGRAINEAMFS-12-2021.jpg\" alt=\"\" class=\"wp-image-551\" srcset=\"https:\/\/amfs.org\/wp-content\/uploads\/2021\/10\/MIGRAINEAMFS-12-2021.jpg 520w, https:\/\/amfs.org\/wp-content\/uploads\/2021\/10\/MIGRAINEAMFS-12-2021-300x248.jpg 300w\" sizes=\"auto, (max-width: 520px) 100vw, 520px\" \/><\/figure>\n\n\n\n<p><strong><em>La migraine<\/em><\/strong><\/p>\n\n\n\n<p><strong>Anim\u00e9e par<\/strong><\/p>\n\n\n\n<p><strong><em>Dr Michel DIB<\/em><\/strong><\/p>\n\n\n\n<p><em>Neurologue, h\u00f4pital Piti\u00e9 Salp\u00eatri\u00e8re<\/em><\/p>\n\n\n\n<p><strong>Le Samedi 11 d\u00e9cembre 2021 \u00e0 20h00<\/strong><\/p>\n\n\n\n<p><strong>H\u00f4tel Renaissance Paris Hippodrome de Saint Cloud<\/strong><\/p>\n\n\n\n<p><a href=\"https:\/\/www.bing.com\/local?lid=YN2312x256589814&amp;id=YN2312x256589814&amp;q=Le+Cap+Seguin&amp;name=Le+Cap+Seguin&amp;cp=48.83375930786133%7e2.2268900871276855&amp;ppois=48.83375930786133_2.2268900871276855_Le+Cap+Seguin\">123, rue du Lieutenant-Colonel de Montbrison<\/a><\/p>\n\n\n\n<p><a href=\"https:\/\/www.bing.com\/local?lid=YN2312x256589814&amp;id=YN2312x256589814&amp;q=Le+Cap+Seguin&amp;name=Le+Cap+Seguin&amp;cp=48.83375930786133%7e2.2268900871276855&amp;ppois=48.83375930786133_2.2268900871276855_Le+Cap+Seguin\">92500 Rueil-Malmaison<\/a><\/p>\n\n\n\n<p>(Parking sur place)<\/p>\n\n\n\n<p><em>La conf\u00e9rence sera suivie d\u2019un d\u00eener et d\u2019une soir\u00e9e conviviale<\/em><\/p>\n\n\n\n<p><strong><em>Toutes les pr\u00e9cautions sanitaires li\u00e9es \u00e0 la pand\u00e9mie seront prises&nbsp;: gel hydroalcoolique \u00e0 disposition, respect des distanciations et du port du masque.<\/em><\/strong><\/p>\n\n\n\n<p><strong><em>Le port du masque sera obligatoire pendant tout l\u2019\u00e9v\u00e9nement dans les espaces communs (accueil, espace restauration)<\/em><\/strong><\/p>\n\n\n\n<p><strong><em>Merci de bien vouloir vous munir de votre &lt;&lt; Pass Sanitaire &gt;&gt;*&nbsp;:<\/em><\/strong><\/p>\n\n\n\n<p><strong><em>*Passeport vaccinal contre la Covid-19ou un r\u00e9sultat n\u00e9gatif d\u2019un test PCR ou antig\u00e9nique datant de moins de 48h.<\/em><\/strong><\/p>\n\n\n\n<p>Le nombre de places \u00e9tant limit\u00e9, les r\u00e9servations seront trait\u00e9es par ordre de r\u00e9ception,<\/p>\n\n\n\n<p>&nbsp;Le dernier d\u00e9lai est fix\u00e9 au 06 d\u00e9cembre 2021<\/p>\n","protected":false},"excerpt":{"rendered":"<p>La migraine Anim\u00e9e par Dr Michel DIB Neurologue, h\u00f4pital Piti\u00e9 Salp\u00eatri\u00e8re Le Samedi 11 d\u00e9cembre 2021 \u00e0 20h00 H\u00f4tel Renaissance Paris Hippodrome de Saint Cloud 123, rue du Lieutenant-Colonel de Montbrison 92500 Rueil-Malmaison (Parking sur place) La conf\u00e9rence sera suivie d\u2019un d\u00eener et d\u2019une soir\u00e9e conviviale Toutes les pr\u00e9cautions sanitaires li\u00e9es \u00e0 la pand\u00e9mie seront &hellip; <\/p>\n<p class=\"link-more\"><a href=\"https:\/\/amfs.org\/?p=589\" class=\"more-link\">Continuer la lecture<span class=\"screen-reader-text\"> de &laquo;&nbsp;La migraine&nbsp;&raquo;<\/span><\/a><\/p>\n","protected":false},"author":4,"featured_media":0,"comment_status":"closed","ping_status":"closed","sticky":false,"template":"","format":"standard","meta":{"footnotes":""},"categories":[1],"tags":[],"class_list":["post-589","post","type-post","status-publish","format-standard","hentry","category-non-classe"],"_links":{"self":[{"href":"https:\/\/amfs.org\/index.php?rest_route=\/wp\/v2\/posts\/589","targetHints":{"allow":["GET"]}}],"collection":[{"href":"https:\/\/amfs.org\/index.php?rest_route=\/wp\/v2\/posts"}],"about":[{"href":"https:\/\/amfs.org\/index.php?rest_route=\/wp\/v2\/types\/post"}],"author":[{"embeddable":true,"href":"https:\/\/amfs.org\/index.php?rest_route=\/wp\/v2\/users\/4"}],"replies":[{"embeddable":true,"href":"https:\/\/amfs.org\/index.php?rest_route=%2Fwp%2Fv2%2Fcomments&post=589"}],"version-history":[{"count":2,"href":"https:\/\/amfs.org\/index.php?rest_route=\/wp\/v2\/posts\/589\/revisions"}],"predecessor-version":[{"id":591,"href":"https:\/\/amfs.org\/index.php?rest_route=\/wp\/v2\/posts\/589\/revisions\/591"}],"wp:attachment":[{"href":"https:\/\/amfs.org\/index.php?rest_route=%2Fwp%2Fv2%2Fmedia&parent=589"}],"wp:term":[{"taxonomy":"category","embeddable":true,"href":"https:\/\/amfs.org\/index.php?rest_route=%2Fwp%2Fv2%2Fcategories&post=589"},{"taxonomy":"post_tag","embeddable":true,"href":"https:\/\/amfs.org\/index.php?rest_route=%2Fwp%2Fv2%2Ftags&post=589"}],"curies":[{"name":"wp","href":"https:\/\/api.w.org\/{rel}","templated":true}]}}