{"id":592,"date":"2022-01-17T01:52:28","date_gmt":"2022-01-17T00:52:28","guid":{"rendered":"https:\/\/amfs.org\/?p=592"},"modified":"2022-01-17T01:52:28","modified_gmt":"2022-01-17T00:52:28","slug":"lapnee-du-sommeil","status":"publish","type":"post","link":"https:\/\/amfs.org\/?p=592","title":{"rendered":"L\u2019Apn\u00e9e du Sommeil"},"content":{"rendered":"\n<figure class=\"wp-block-image\"><img loading=\"lazy\" decoding=\"async\" width=\"1024\" height=\"683\" src=\"http:\/\/amfs.org\/wp-content\/uploads\/2022\/01\/apnee-1024x683.jpg\" alt=\"\" class=\"wp-image-581\" srcset=\"https:\/\/amfs.org\/wp-content\/uploads\/2022\/01\/apnee-1024x683.jpg 1024w, https:\/\/amfs.org\/wp-content\/uploads\/2022\/01\/apnee-300x200.jpg 300w, https:\/\/amfs.org\/wp-content\/uploads\/2022\/01\/apnee-768x512.jpg 768w, https:\/\/amfs.org\/wp-content\/uploads\/2022\/01\/apnee-1536x1024.jpg 1536w, https:\/\/amfs.org\/wp-content\/uploads\/2022\/01\/apnee-2048x1365.jpg 2048w\" sizes=\"auto, (max-width: 767px) 89vw, (max-width: 1000px) 54vw, (max-width: 1071px) 543px, 580px\" \/><\/figure>\n\n\n\n<p>Dans le cadre de ses r\u00e9unions de formation m\u00e9dicale continue<br>L\u2019ASSOCIATION MEDICALE FRANCO-SYRIENNE<\/p>\n\n\n\n<p>a le plaisir de vous convier \u00e0 la conf\u00e9rence :<\/p>\n\n\n\n<p><strong>L\u2019Apn\u00e9e du Sommeil<\/strong><\/p>\n\n\n\n<p>Anim\u00e9e par<br>Dr SIMO Ahmad<br>Pneumologue, Centre Hospitalier de Pontoise, Clinique Conti<br>Dr BADARANI Oumama<br>Pneumologue, Centre Hospitalier de Pontoise, Conflans-Sainte-Honorine<\/p>\n\n\n\n<p>En partenariat avec la soci\u00e9t\u00e9<\/p>\n\n\n\n<p>EOLIS Sant\u00e9<\/p>\n\n\n\n<p>Le Samedi 5 f\u00e9vrier 2022 \u00e0 20h00<br>Les Pyramides, La V\u00e9randa<br>16, avenue de Saint Germain<br>78560 Le Port Marly<\/p>\n\n\n\n<p>(Parking sur place)<\/p>\n\n\n\n<p>La conf\u00e9rence sera suivie d\u2019un d\u00eener et d\u2019une soir\u00e9e conviviale<\/p>\n\n\n\n<p><a rel=\"noreferrer noopener\" href=\"http:\/\/amfs.org\/wp-content\/uploads\/2021\/08\/lettre-soiree-25-septembre-2021.pdf\" target=\"_blank\">Bulletin d\u2019<\/a><a href=\"http:\/\/amfs.org\/wp-content\/uploads\/2022\/01\/lettre-soiree-05-fevrier-2022.pdf\" target=\"_blank\" rel=\"noreferrer noopener\">inscription<\/a><\/p>\n","protected":false},"excerpt":{"rendered":"<p>Dans le cadre de ses r\u00e9unions de formation m\u00e9dicale continueL\u2019ASSOCIATION MEDICALE FRANCO-SYRIENNE a le plaisir de vous convier \u00e0 la conf\u00e9rence : L\u2019Apn\u00e9e du Sommeil Anim\u00e9e parDr SIMO AhmadPneumologue, Centre Hospitalier de Pontoise, Clinique ContiDr BADARANI OumamaPneumologue, Centre Hospitalier de Pontoise, Conflans-Sainte-Honorine En partenariat avec la soci\u00e9t\u00e9 EOLIS Sant\u00e9 Le Samedi 5 f\u00e9vrier 2022 \u00e0 &hellip; <\/p>\n<p class=\"link-more\"><a href=\"https:\/\/amfs.org\/?p=592\" class=\"more-link\">Continuer la lecture<span class=\"screen-reader-text\"> de &laquo;&nbsp;L\u2019Apn\u00e9e du Sommeil&nbsp;&raquo;<\/span><\/a><\/p>\n","protected":false},"author":4,"featured_media":0,"comment_status":"closed","ping_status":"closed","sticky":false,"template":"","format":"standard","meta":{"footnotes":""},"categories":[1],"tags":[],"class_list":["post-592","post","type-post","status-publish","format-standard","hentry","category-non-classe"],"_links":{"self":[{"href":"https:\/\/amfs.org\/index.php?rest_route=\/wp\/v2\/posts\/592","targetHints":{"allow":["GET"]}}],"collection":[{"href":"https:\/\/amfs.org\/index.php?rest_route=\/wp\/v2\/posts"}],"about":[{"href":"https:\/\/amfs.org\/index.php?rest_route=\/wp\/v2\/types\/post"}],"author":[{"embeddable":true,"href":"https:\/\/amfs.org\/index.php?rest_route=\/wp\/v2\/users\/4"}],"replies":[{"embeddable":true,"href":"https:\/\/amfs.org\/index.php?rest_route=%2Fwp%2Fv2%2Fcomments&post=592"}],"version-history":[{"count":1,"href":"https:\/\/amfs.org\/index.php?rest_route=\/wp\/v2\/posts\/592\/revisions"}],"predecessor-version":[{"id":593,"href":"https:\/\/amfs.org\/index.php?rest_route=\/wp\/v2\/posts\/592\/revisions\/593"}],"wp:attachment":[{"href":"https:\/\/amfs.org\/index.php?rest_route=%2Fwp%2Fv2%2Fmedia&parent=592"}],"wp:term":[{"taxonomy":"category","embeddable":true,"href":"https:\/\/amfs.org\/index.php?rest_route=%2Fwp%2Fv2%2Fcategories&post=592"},{"taxonomy":"post_tag","embeddable":true,"href":"https:\/\/amfs.org\/index.php?rest_route=%2Fwp%2Fv2%2Ftags&post=592"}],"curies":[{"name":"wp","href":"https:\/\/api.w.org\/{rel}","templated":true}]}}